{"id":2162,"date":"2022-06-30T16:31:32","date_gmt":"2022-06-30T16:31:32","guid":{"rendered":"https:\/\/coacharte.mx\/?p=2162"},"modified":"2023-07-21T18:02:38","modified_gmt":"2023-07-21T18:02:38","slug":"el-cambio-como-orden-de-las-cosas","status":"publish","type":"post","link":"https:\/\/coacharte.mx\/en\/el-cambio-como-orden-de-las-cosas\/","title":{"rendered":"El cambio como orden de las cosas\ufffc"},"content":{"rendered":"<h5 class=\"wp-block-heading\"><strong>Introduction<\/strong><\/h5>\n\n\n\n<p>El cambio como orden de las cosas: <strong>Teor\u00edas y modelos de gesti\u00f3n del cambio para entender y apoyar a la administraci\u00f3n del cambio en una organizaci\u00f3n; en donde cada persona puede generar su propia estrategia para apoyar a que el cambio buscado se d\u00e9 de la mejor manera para todos los involucrados<\/strong>.<\/p>\n\n\n\n<blockquote class=\"wp-block-quote has-text-align-center is-layout-flow wp-block-quote-is-layout-flow\">\n<p>Se debe tener en cuenta que no hay nada m\u00e1s dif\u00edcil de llevar a cabo ni de \u00e9xito m\u00e1s dudoso ni m\u00e1s peligroso de manejar que iniciar un nuevo orden de las cosas&#8221;. <\/p>\n<cite><em>(N. Maquiavelo, s. XVI)<\/em><\/cite><\/blockquote>\n\n\n\n<h5 class=\"wp-block-heading\"><strong>\u00bfQu\u00e9 es el cambio seg\u00fan Robbins y Coulter?<\/strong><\/h5>\n\n\n\n<p>Robbins&nbsp;y Coulter (2010) definen al&nbsp;cambio organizacional&nbsp;como \u201ccualquier modificaci\u00f3n de personal, estructura o tecnolog\u00eda en una organizaci\u00f3n\u201d. Estas transformaciones&nbsp;organizacionales&nbsp;generalmente requieren de la direcci\u00f3n de una persona denominada agente de&nbsp;cambio que ser\u00e1 seleccionada&nbsp;por&nbsp;la empresa. (Chiavenato, 2010). El&nbsp;cambio&nbsp;planificado pretende&nbsp;que&nbsp;la organizaci\u00f3n pueda adaptarse a los&nbsp;cambios&nbsp;en su entorno y el comportamiento de sus empleados. Los agentes de&nbsp;cambio&nbsp;son responsables de la gesti\u00f3n y ejecuci\u00f3n de actividades, por lo tanto, poseen una visi\u00f3n del futuro&nbsp;que&nbsp;otros no tienen.<\/p>\n\n\n\n<h5 class=\"wp-block-heading\"><strong>Modelos de cambio<\/strong><\/h5>\n\n\n\n<p>Existen varias&nbsp; teor\u00edas y modelos del cambio. Mencionaremos solamente&nbsp;tres: <\/p>\n\n\n\n<ul class=\"wp-block-list\">\n<li>He <strong>Modelo de Lewin<\/strong> con sus fuerzas limitante e impulsoras. <\/li>\n\n\n\n<li>El de <strong>Modelo de Nadler<\/strong> que nos habla de 3 grandes necesidades disminuci\u00f3n de la resistencia, de controlar la transici\u00f3n y&nbsp; de reconfigurar la din\u00e1mica<\/li>\n\n\n\n<li>Y&nbsp;el de Cummings y Worley (2007) que propone cinco grande actividades:<\/li>\n<\/ul>\n\n\n\n<p class=\"has-text-align-center\">1. Motivaci\u00f3n.<\/p>\n\n\n\n<p class=\"has-text-align-center\">2. Creaci\u00f3n de una vision.<\/p>\n\n\n\n<p class=\"has-text-align-center\">3. Obtenci\u00f3n&nbsp; de apoyo pol\u00edtico.<\/p>\n\n\n\n<p class=\"has-text-align-center\">4. Administraci\u00f3n&nbsp; de la transici\u00f3n.&nbsp;<\/p>\n\n\n\n<p class=\"has-text-align-center\">5. Sostenimiento del&nbsp; impulso inicial.<\/p>\n\n\n\n<p class=\"has-text-align-left\">\u00c9ste es solo un vistazo r\u00e1pido al apasionante tema del cambio: hay tantos caminos&nbsp; como personas. Tu podr\u00edas crear&nbsp; tu propio camino.<\/p>\n\n\n\n<h5 class=\"wp-block-heading\"><strong>El cambio en las organizaciones<\/strong><\/h5>\n\n\n\n<p>Como ya dijimos antes, no existe un \u00fanico camino hacia el cambio<\/p>\n\n\n\n<p>Cambiar no es s\u00f3lo introducir nueva tecnolog\u00eda, realizar cambios en la estructura o desarrollar nuevas estrategias comerciales. Cambiar implica romper tradiciones, h\u00e1bitos y costumbres, rutinas incorporadas a la forma de ver y operar la realidad en cada organizaci\u00f3n. Los procesos de cambio implican modificar centros de poder, intereses personales y grupales, arriesgar, vencer temores y resistencias. Es por esto que el cambio no es s\u00f3lo organizativo, tecnol\u00f3gico o de gesti\u00f3n sino tambi\u00e9n, y fundamentalmente, cultural y de comportamiento.<\/p>\n\n\n\n<p>los cambios organizacionales tienen que girar alrededor del individuo generando en ellos una nueva cultura, incrementando as\u00ed las posibilidades de \u00e9xito en el proceso de cambio, destacando que la comunicaci\u00f3n es el elemento de mayor importancia para el l\u00edder en el proceso de cambio organizacional.<\/p>\n\n\n\n<p>Y hay que decirlo: todo cambio implica, al menos durante un tiempo, el esfuerzo adicional de tener que aprender a desenvolverse adecuadamente en la nueva situaci\u00f3n, lo cual es una fuente adicional de trabajo y de preocupaci\u00f3n<\/p>\n\n\n\n<p>Contribuyendo con esto a que las personas se apropien de estos cambios organizacionales y con ello se logre su bienestar en el trabajo, as\u00ed como su compromiso con los objetivos nuevos de la organizaci\u00f3n; y esto se refleja en su desempe\u00f1o. Las personas pueden infundirle vida haciendo funcionar el sistema t\u00e9cnico. (De Faria 1997)<\/p>\n\n\n\n<p>En este contexto se puede decir que las organizaciones llevan a cabo procesos de cambio organizacional en donde deben desarrollar su capacidad de autocr\u00edtica, para que su atenci\u00f3n se concentre en un proceso de cambio planeado m\u00e1s que en problemas particulares. De manera que el cambio se convierte en parte integral de la cultura organizacional, y la autocr\u00edtica pasa a formar parte de un estilo natural de administraci\u00f3n (Franklin, 1997).<\/p>\n\n\n\n<h5 class=\"wp-block-heading\"><strong>Conclusion <\/strong><\/h5>\n\n\n\n<p>Podemos afirmar que lo que ocurre en realidad es que el cambio organizacional corresponde a la respuesta que normalmente deben dar las organizaciones a aquellos ciclos de desarrollo que tiene el entorno. Si la organizaci\u00f3n est\u00e1 en proceso natural de cambio entonces cambiar\u00e1 m\u00e1s r\u00e1pidamente; mientras que si est\u00e1 pasando por un momento de estabilidad y equilibrio, tender\u00e1 a oponerse con mayor resistencia al cambio y por consiguiente la velocidad del cambio ser\u00e1 menor<\/p>\n\n\n\n<p>El cambio como orden de las cosas quiere decir, parad\u00f3jicamente, que no hay nada m\u00e1s constante que el cambio en nuestras vidas. <strong>\u00bfC\u00f3mo enfrentar\u00e1s los cambios en tu d\u00eda a d\u00eda?&nbsp;\u00bfCu\u00e1l es la mejor manera de gestionar el cambio en tu empresa?<\/strong><\/p>\n\n\n\n<p>Conoce m\u00e1s sobre nosotros y  nuestras&nbsp;<strong>methodologies<\/strong>.&nbsp;Visita nuestro<a href=\"https:\/\/coacharte.mx\/en\/blog\/\" target=\"_blank\" rel=\"noreferrer noopener\">&nbsp;Blog<\/a> y nuestras redes sociales:&nbsp;<a href=\"https:\/\/www.linkedin.com\/company\/coacharte\" target=\"_blank\" rel=\"noreferrer noopener\">LinkedIn<\/a>&nbsp;and&nbsp;<a href=\"https:\/\/www.facebook.com\/CoacharteMX\/?view_public_for=113917696667331\" target=\"_blank\" rel=\"noreferrer noopener\">Facebook<\/a>.<\/p>\n\n\n\n<p>Si deseas saber c\u00f3mo podemos apoyarte tanto en este como en otros temas organizacionales, contacta a alguno de nuestros especialistas. Visita nuestra p\u00e1gina:&nbsp;<a href=\"https:\/\/coacharte.mx\/en\/\">www.coacharte.mx<\/a>&nbsp;o agenda una cita y un experto te podr\u00e1 asesorar.&nbsp;<a href=\"https:\/\/calendly.com\/luis-pascual\/cita-seguimiento-visitas-coacharte-mx?month=2021-01\" target=\"_blank\" rel=\"noreferrer noopener\">Click here!<\/a><\/p>","protected":false},"excerpt":{"rendered":"<p>Teor\u00edas y modelos de gesti\u00f3n del cambio para entender y apoyar a la administraci\u00f3n del cambio en una organizaci\u00f3n; en donde cada persona genera su propia estrategia para apoyar a que el cambio buscado se d\u00e9 de la mejor manera para todos los involucrados.<\/p>","protected":false},"author":33,"featured_media":2166,"comment_status":"closed","ping_status":"open","sticky":false,"template":"","format":"standard","meta":{"footnotes":""},"categories":[85,50,62],"tags":[102,74,65],"class_list":["post-2162","post","type-post","status-publish","format-standard","has-post-thumbnail","hentry","category-capacitacion","category-gestion-del-cambio","category-transformacion-cultural","tag-gestion","tag-gestion-de-proyectos","tag-gestion-del-cambio"],"yoast_head":"<!-- This site is optimized with the Yoast SEO plugin v22.2 - https:\/\/yoast.com\/wordpress\/plugins\/seo\/ -->\n<title>El cambio como orden de las cosas\ufffc - Coacharte<\/title>\n<meta name=\"description\" content=\"El cambio como orden de las cosas; Teor\u00edas y modelos GDC para entender y apoyar a la administraci\u00f3n del cambio en una organizaci\u00f3n\" \/>\n<meta name=\"robots\" content=\"index, follow, max-snippet:-1, max-image-preview:large, max-video-preview:-1\" \/>\n<link rel=\"canonical\" href=\"https:\/\/coacharte.mx\/en\/el-cambio-como-orden-de-las-cosas\/\" \/>\n<meta property=\"og:locale\" content=\"en_US\" \/>\n<meta property=\"og:type\" content=\"article\" \/>\n<meta property=\"og:title\" content=\"El cambio como orden de las cosas\ufffc - Coacharte\" \/>\n<meta property=\"og:description\" content=\"El cambio como orden de las cosas; Teor\u00edas y modelos GDC para entender y apoyar a la administraci\u00f3n del cambio en una organizaci\u00f3n\" \/>\n<meta property=\"og:url\" content=\"https:\/\/coacharte.mx\/en\/el-cambio-como-orden-de-las-cosas\/\" \/>\n<meta property=\"og:site_name\" content=\"Coacharte\" \/>\n<meta property=\"article:publisher\" content=\"https:\/\/www.facebook.com\/CoacharteMX\" \/>\n<meta property=\"article:published_time\" content=\"2022-06-30T16:31:32+00:00\" \/>\n<meta property=\"article:modified_time\" content=\"2023-07-21T18:02:38+00:00\" \/>\n<meta property=\"og:image\" content=\"https:\/\/coacharte.mx\/wp-content\/uploads\/2022\/06\/El-cambio-como-orden-de-las-cosas.png\" \/>\n\t<meta property=\"og:image:width\" content=\"1281\" \/>\n\t<meta property=\"og:image:height\" content=\"550\" \/>\n\t<meta property=\"og:image:type\" content=\"image\/png\" \/>\n<meta name=\"author\" content=\"Yadira Arizmendi\" \/>\n<meta name=\"twitter:card\" content=\"summary_large_image\" \/>\n<meta name=\"twitter:creator\" content=\"@Coacharte1\" \/>\n<meta name=\"twitter:site\" content=\"@Coacharte1\" \/>\n<meta name=\"twitter:label1\" content=\"Written by\" \/>\n\t<meta name=\"twitter:data1\" content=\"Yadira Arizmendi\" \/>\n\t<meta name=\"twitter:label2\" content=\"Est. reading time\" \/>\n\t<meta name=\"twitter:data2\" content=\"4 minutes\" \/>\n<script type=\"application\/ld+json\" class=\"yoast-schema-graph\">{\"@context\":\"https:\/\/schema.org\",\"@graph\":[{\"@type\":\"Article\",\"@id\":\"https:\/\/coacharte.mx\/el-cambio-como-orden-de-las-cosas\/#article\",\"isPartOf\":{\"@id\":\"https:\/\/coacharte.mx\/el-cambio-como-orden-de-las-cosas\/\"},\"author\":{\"name\":\"Yadira Arizmendi\",\"@id\":\"https:\/\/coacharte.mx\/#\/schema\/person\/171bcea27bc3c6df133a6ccf47e8e9d5\"},\"headline\":\"El cambio como orden de las cosas\ufffc\",\"datePublished\":\"2022-06-30T16:31:32+00:00\",\"dateModified\":\"2023-07-21T18:02:38+00:00\",\"mainEntityOfPage\":{\"@id\":\"https:\/\/coacharte.mx\/el-cambio-como-orden-de-las-cosas\/\"},\"wordCount\":864,\"publisher\":{\"@id\":\"https:\/\/coacharte.mx\/#organization\"},\"image\":{\"@id\":\"https:\/\/coacharte.mx\/el-cambio-como-orden-de-las-cosas\/#primaryimage\"},\"thumbnailUrl\":\"https:\/\/coacharte.mx\/wp-content\/uploads\/2022\/06\/El-cambio-como-orden-de-las-cosas.png\",\"keywords\":[\"Gesti\u00f3n\",\"Gesti\u00f3n de Proyectos\",\"Gesti\u00f3n del Cambio\"],\"articleSection\":[\"Capacitaci\u00f3n\",\"Gesti\u00f3n del Cambio\",\"Transformaci\u00f3n Cultural\"],\"inLanguage\":\"en-US\"},{\"@type\":\"WebPage\",\"@id\":\"https:\/\/coacharte.mx\/el-cambio-como-orden-de-las-cosas\/\",\"url\":\"https:\/\/coacharte.mx\/el-cambio-como-orden-de-las-cosas\/\",\"name\":\"El cambio como orden de las cosas\ufffc - Coacharte\",\"isPartOf\":{\"@id\":\"https:\/\/coacharte.mx\/#website\"},\"primaryImageOfPage\":{\"@id\":\"https:\/\/coacharte.mx\/el-cambio-como-orden-de-las-cosas\/#primaryimage\"},\"image\":{\"@id\":\"https:\/\/coacharte.mx\/el-cambio-como-orden-de-las-cosas\/#primaryimage\"},\"thumbnailUrl\":\"https:\/\/coacharte.mx\/wp-content\/uploads\/2022\/06\/El-cambio-como-orden-de-las-cosas.png\",\"datePublished\":\"2022-06-30T16:31:32+00:00\",\"dateModified\":\"2023-07-21T18:02:38+00:00\",\"description\":\"El cambio como orden de las cosas; Teor\u00edas y modelos GDC para entender y apoyar a la administraci\u00f3n del cambio en una organizaci\u00f3n\",\"breadcrumb\":{\"@id\":\"https:\/\/coacharte.mx\/el-cambio-como-orden-de-las-cosas\/#breadcrumb\"},\"inLanguage\":\"en-US\",\"potentialAction\":[{\"@type\":\"ReadAction\",\"target\":[\"https:\/\/coacharte.mx\/el-cambio-como-orden-de-las-cosas\/\"]}]},{\"@type\":\"ImageObject\",\"inLanguage\":\"en-US\",\"@id\":\"https:\/\/coacharte.mx\/el-cambio-como-orden-de-las-cosas\/#primaryimage\",\"url\":\"https:\/\/coacharte.mx\/wp-content\/uploads\/2022\/06\/El-cambio-como-orden-de-las-cosas.png\",\"contentUrl\":\"https:\/\/coacharte.mx\/wp-content\/uploads\/2022\/06\/El-cambio-como-orden-de-las-cosas.png\",\"width\":1281,\"height\":550,\"caption\":\"El cambio como orden de las cosas\"},{\"@type\":\"BreadcrumbList\",\"@id\":\"https:\/\/coacharte.mx\/el-cambio-como-orden-de-las-cosas\/#breadcrumb\",\"itemListElement\":[{\"@type\":\"ListItem\",\"position\":1,\"name\":\"Portada\",\"item\":\"https:\/\/coacharte.mx\/\"},{\"@type\":\"ListItem\",\"position\":2,\"name\":\"El cambio como orden de las cosas\ufffc\"}]},{\"@type\":\"WebSite\",\"@id\":\"https:\/\/coacharte.mx\/#website\",\"url\":\"https:\/\/coacharte.mx\/\",\"name\":\"Coacharte\",\"description\":\"Ayudamos a alcanzar objetivos.\",\"publisher\":{\"@id\":\"https:\/\/coacharte.mx\/#organization\"},\"potentialAction\":[{\"@type\":\"SearchAction\",\"target\":{\"@type\":\"EntryPoint\",\"urlTemplate\":\"https:\/\/coacharte.mx\/?s={search_term_string}\"},\"query-input\":\"required name=search_term_string\"}],\"inLanguage\":\"en-US\"},{\"@type\":\"Organization\",\"@id\":\"https:\/\/coacharte.mx\/#organization\",\"name\":\"Coacharte S.C.\",\"url\":\"https:\/\/coacharte.mx\/\",\"logo\":{\"@type\":\"ImageObject\",\"inLanguage\":\"en-US\",\"@id\":\"https:\/\/coacharte.mx\/#\/schema\/logo\/image\/\",\"url\":\"https:\/\/coacharte.mx\/wp-content\/uploads\/2022\/12\/COARCARTE_LOGO_PRINCIPAL.png\",\"contentUrl\":\"https:\/\/coacharte.mx\/wp-content\/uploads\/2022\/12\/COARCARTE_LOGO_PRINCIPAL.png\",\"width\":8001,\"height\":4501,\"caption\":\"Coacharte S.C.\"},\"image\":{\"@id\":\"https:\/\/coacharte.mx\/#\/schema\/logo\/image\/\"},\"sameAs\":[\"https:\/\/www.facebook.com\/CoacharteMX\",\"https:\/\/twitter.com\/Coacharte1\",\"https:\/\/instagram.com\/coacharte2022\/\",\"https:\/\/linkedin.com\/company\/coacharte\/\"]},{\"@type\":\"Person\",\"@id\":\"https:\/\/coacharte.mx\/#\/schema\/person\/171bcea27bc3c6df133a6ccf47e8e9d5\",\"name\":\"Yadira Arizmendi\",\"image\":{\"@type\":\"ImageObject\",\"inLanguage\":\"en-US\",\"@id\":\"https:\/\/coacharte.mx\/#\/schema\/person\/image\/\",\"url\":\"https:\/\/secure.gravatar.com\/avatar\/1da2ac4602563488fdc9854d2931861b9caa23e24febf0d317337887b6fb22b9?s=96&r=g\",\"contentUrl\":\"https:\/\/secure.gravatar.com\/avatar\/1da2ac4602563488fdc9854d2931861b9caa23e24febf0d317337887b6fb22b9?s=96&r=g\",\"caption\":\"Yadira Arizmendi\"},\"url\":\"https:\/\/coacharte.mx\/en\/author\/yadira-arizmendi\/\"}]}<\/script>\n<!-- \/ Yoast SEO plugin. -->","yoast_head_json":{"title":"El cambio como orden de las cosas\ufffc - Coacharte","description":"El cambio como orden de las cosas; Teor\u00edas y modelos GDC para entender y apoyar a la administraci\u00f3n del cambio en una organizaci\u00f3n","robots":{"index":"index","follow":"follow","max-snippet":"max-snippet:-1","max-image-preview":"max-image-preview:large","max-video-preview":"max-video-preview:-1"},"canonical":"https:\/\/coacharte.mx\/en\/el-cambio-como-orden-de-las-cosas\/","og_locale":"en_US","og_type":"article","og_title":"El cambio como orden de las cosas\ufffc - Coacharte","og_description":"El cambio como orden de las cosas; Teor\u00edas y modelos GDC para entender y apoyar a la administraci\u00f3n del cambio en una organizaci\u00f3n","og_url":"https:\/\/coacharte.mx\/en\/el-cambio-como-orden-de-las-cosas\/","og_site_name":"Coacharte","article_publisher":"https:\/\/www.facebook.com\/CoacharteMX","article_published_time":"2022-06-30T16:31:32+00:00","article_modified_time":"2023-07-21T18:02:38+00:00","og_image":[{"width":1281,"height":550,"url":"https:\/\/coacharte.mx\/wp-content\/uploads\/2022\/06\/El-cambio-como-orden-de-las-cosas.png","type":"image\/png"}],"author":"Yadira Arizmendi","twitter_card":"summary_large_image","twitter_creator":"@Coacharte1","twitter_site":"@Coacharte1","twitter_misc":{"Written by":"Yadira Arizmendi","Est. reading time":"4 minutes"},"schema":{"@context":"https:\/\/schema.org","@graph":[{"@type":"Article","@id":"https:\/\/coacharte.mx\/el-cambio-como-orden-de-las-cosas\/#article","isPartOf":{"@id":"https:\/\/coacharte.mx\/el-cambio-como-orden-de-las-cosas\/"},"author":{"name":"Yadira Arizmendi","@id":"https:\/\/coacharte.mx\/#\/schema\/person\/171bcea27bc3c6df133a6ccf47e8e9d5"},"headline":"El cambio como orden de las cosas\ufffc","datePublished":"2022-06-30T16:31:32+00:00","dateModified":"2023-07-21T18:02:38+00:00","mainEntityOfPage":{"@id":"https:\/\/coacharte.mx\/el-cambio-como-orden-de-las-cosas\/"},"wordCount":864,"publisher":{"@id":"https:\/\/coacharte.mx\/#organization"},"image":{"@id":"https:\/\/coacharte.mx\/el-cambio-como-orden-de-las-cosas\/#primaryimage"},"thumbnailUrl":"https:\/\/coacharte.mx\/wp-content\/uploads\/2022\/06\/El-cambio-como-orden-de-las-cosas.png","keywords":["Gesti\u00f3n","Gesti\u00f3n de Proyectos","Gesti\u00f3n del Cambio"],"articleSection":["Capacitaci\u00f3n","Gesti\u00f3n del Cambio","Transformaci\u00f3n Cultural"],"inLanguage":"en-US"},{"@type":"WebPage","@id":"https:\/\/coacharte.mx\/el-cambio-como-orden-de-las-cosas\/","url":"https:\/\/coacharte.mx\/el-cambio-como-orden-de-las-cosas\/","name":"El cambio como orden de las cosas\ufffc - Coacharte","isPartOf":{"@id":"https:\/\/coacharte.mx\/#website"},"primaryImageOfPage":{"@id":"https:\/\/coacharte.mx\/el-cambio-como-orden-de-las-cosas\/#primaryimage"},"image":{"@id":"https:\/\/coacharte.mx\/el-cambio-como-orden-de-las-cosas\/#primaryimage"},"thumbnailUrl":"https:\/\/coacharte.mx\/wp-content\/uploads\/2022\/06\/El-cambio-como-orden-de-las-cosas.png","datePublished":"2022-06-30T16:31:32+00:00","dateModified":"2023-07-21T18:02:38+00:00","description":"El cambio como orden de las cosas; Teor\u00edas y modelos GDC para entender y apoyar a la administraci\u00f3n del cambio en una organizaci\u00f3n","breadcrumb":{"@id":"https:\/\/coacharte.mx\/el-cambio-como-orden-de-las-cosas\/#breadcrumb"},"inLanguage":"en-US","potentialAction":[{"@type":"ReadAction","target":["https:\/\/coacharte.mx\/el-cambio-como-orden-de-las-cosas\/"]}]},{"@type":"ImageObject","inLanguage":"en-US","@id":"https:\/\/coacharte.mx\/el-cambio-como-orden-de-las-cosas\/#primaryimage","url":"https:\/\/coacharte.mx\/wp-content\/uploads\/2022\/06\/El-cambio-como-orden-de-las-cosas.png","contentUrl":"https:\/\/coacharte.mx\/wp-content\/uploads\/2022\/06\/El-cambio-como-orden-de-las-cosas.png","width":1281,"height":550,"caption":"El cambio como orden de las cosas"},{"@type":"BreadcrumbList","@id":"https:\/\/coacharte.mx\/el-cambio-como-orden-de-las-cosas\/#breadcrumb","itemListElement":[{"@type":"ListItem","position":1,"name":"Portada","item":"https:\/\/coacharte.mx\/"},{"@type":"ListItem","position":2,"name":"El cambio como orden de las cosas\ufffc"}]},{"@type":"WebSite","@id":"https:\/\/coacharte.mx\/#website","url":"https:\/\/coacharte.mx\/","name":"Coacharte","description":"Ayudamos a alcanzar objetivos.","publisher":{"@id":"https:\/\/coacharte.mx\/#organization"},"potentialAction":[{"@type":"SearchAction","target":{"@type":"EntryPoint","urlTemplate":"https:\/\/coacharte.mx\/?s={search_term_string}"},"query-input":"required name=search_term_string"}],"inLanguage":"en-US"},{"@type":"Organization","@id":"https:\/\/coacharte.mx\/#organization","name":"Coacharte S.C.","url":"https:\/\/coacharte.mx\/","logo":{"@type":"ImageObject","inLanguage":"en-US","@id":"https:\/\/coacharte.mx\/#\/schema\/logo\/image\/","url":"https:\/\/coacharte.mx\/wp-content\/uploads\/2022\/12\/COARCARTE_LOGO_PRINCIPAL.png","contentUrl":"https:\/\/coacharte.mx\/wp-content\/uploads\/2022\/12\/COARCARTE_LOGO_PRINCIPAL.png","width":8001,"height":4501,"caption":"Coacharte S.C."},"image":{"@id":"https:\/\/coacharte.mx\/#\/schema\/logo\/image\/"},"sameAs":["https:\/\/www.facebook.com\/CoacharteMX","https:\/\/twitter.com\/Coacharte1","https:\/\/instagram.com\/coacharte2022\/","https:\/\/linkedin.com\/company\/coacharte\/"]},{"@type":"Person","@id":"https:\/\/coacharte.mx\/#\/schema\/person\/171bcea27bc3c6df133a6ccf47e8e9d5","name":"Yadira Arizmendi","image":{"@type":"ImageObject","inLanguage":"en-US","@id":"https:\/\/coacharte.mx\/#\/schema\/person\/image\/","url":"https:\/\/secure.gravatar.com\/avatar\/1da2ac4602563488fdc9854d2931861b9caa23e24febf0d317337887b6fb22b9?s=96&r=g","contentUrl":"https:\/\/secure.gravatar.com\/avatar\/1da2ac4602563488fdc9854d2931861b9caa23e24febf0d317337887b6fb22b9?s=96&r=g","caption":"Yadira Arizmendi"},"url":"https:\/\/coacharte.mx\/en\/author\/yadira-arizmendi\/"}]}},"_links":{"self":[{"href":"https:\/\/coacharte.mx\/en\/wp-json\/wp\/v2\/posts\/2162","targetHints":{"allow":["GET"]}}],"collection":[{"href":"https:\/\/coacharte.mx\/en\/wp-json\/wp\/v2\/posts"}],"about":[{"href":"https:\/\/coacharte.mx\/en\/wp-json\/wp\/v2\/types\/post"}],"author":[{"embeddable":true,"href":"https:\/\/coacharte.mx\/en\/wp-json\/wp\/v2\/users\/33"}],"replies":[{"embeddable":true,"href":"https:\/\/coacharte.mx\/en\/wp-json\/wp\/v2\/comments?post=2162"}],"version-history":[{"count":1,"href":"https:\/\/coacharte.mx\/en\/wp-json\/wp\/v2\/posts\/2162\/revisions"}],"predecessor-version":[{"id":15734,"href":"https:\/\/coacharte.mx\/en\/wp-json\/wp\/v2\/posts\/2162\/revisions\/15734"}],"wp:featuredmedia":[{"embeddable":true,"href":"https:\/\/coacharte.mx\/en\/wp-json\/wp\/v2\/media\/2166"}],"wp:attachment":[{"href":"https:\/\/coacharte.mx\/en\/wp-json\/wp\/v2\/media?parent=2162"}],"wp:term":[{"taxonomy":"category","embeddable":true,"href":"https:\/\/coacharte.mx\/en\/wp-json\/wp\/v2\/categories?post=2162"},{"taxonomy":"post_tag","embeddable":true,"href":"https:\/\/coacharte.mx\/en\/wp-json\/wp\/v2\/tags?post=2162"}],"curies":[{"name":"wp","href":"https:\/\/api.w.org\/{rel}","templated":true}]}}